{"id":152,"date":"2024-09-04T11:59:06","date_gmt":"2024-09-04T09:59:06","guid":{"rendered":"https:\/\/www.centrumpomocyspolecznej.pl\/?p=152"},"modified":"2024-09-25T15:48:30","modified_gmt":"2024-09-25T13:48:30","slug":"informacja3","status":"publish","type":"post","link":"https:\/\/www.mopsmm.pl\/?p=152","title":{"rendered":"Asystent Osobisty osoby z niepe\u0142nosprawno\u015bci\u0105"},"content":{"rendered":"<div class=\"wp-block-image\">\n<figure class=\"aligncenter size-full\"><img fetchpriority=\"high\" decoding=\"async\" width=\"1755\" height=\"2482\" src=\"https:\/\/www.mopsmm.pl\/wp-content\/uploads\/2024\/09\/b2.jpg\" alt=\"\" class=\"wp-image-153\"\/><\/figure>\n<\/div>\n\n<div class=\"wp-block-image\">\n<figure class=\"aligncenter size-large\"><a href=\"https:\/\/www.mopsmm.pl\/wp-content\/uploads\/2024\/09\/Informacja-na-strone-internetowa-Opieka-wytchnieniowa-2024.pdf\"><img decoding=\"async\" width=\"724\" height=\"1024\" src=\"https:\/\/www.mopsmm.pl\/wp-content\/uploads\/2024\/09\/Informacja-Program-Asystent-osobisty-osoby-niepelnosprawnej-2024-aktu-724x1024.jpg\" alt=\"\" class=\"wp-image-1045\" srcset=\"https:\/\/www.mopsmm.pl\/wp-content\/uploads\/2024\/09\/Informacja-Program-Asystent-osobisty-osoby-niepelnosprawnej-2024-aktu-724x1024.jpg 724w, https:\/\/www.mopsmm.pl\/wp-content\/uploads\/2024\/09\/Informacja-Program-Asystent-osobisty-osoby-niepelnosprawnej-2024-aktu-212x300.jpg 212w, https:\/\/www.mopsmm.pl\/wp-content\/uploads\/2024\/09\/Informacja-Program-Asystent-osobisty-osoby-niepelnosprawnej-2024-aktu-768x1086.jpg 768w, https:\/\/www.mopsmm.pl\/wp-content\/uploads\/2024\/09\/Informacja-Program-Asystent-osobisty-osoby-niepelnosprawnej-2024-aktu-1086x1536.jpg 1086w, https:\/\/www.mopsmm.pl\/wp-content\/uploads\/2024\/09\/Informacja-Program-Asystent-osobisty-osoby-niepelnosprawnej-2024-aktu-1448x2048.jpg 1448w, https:\/\/www.mopsmm.pl\/wp-content\/uploads\/2024\/09\/Informacja-Program-Asystent-osobisty-osoby-niepelnosprawnej-2024-aktu-scaled.jpg 1810w\" sizes=\"(max-width: 724px) 100vw, 724px\" \/><\/a><\/figure>\n<\/div>\n\n\n<p><a href=\"https:\/\/www.mopsmm.pl\/wp-content\/uploads\/2024\/09\/Informacja-na-strone-internetowa-Opieka-wytchnieniowa-2024.pdf\" target=\"_blank\" rel=\"noreferrer noopener\">Opieka wytchnieniowa 2024<\/a><\/p>\n\n\n\n<p><strong>Informacja o naborze wniosk\u00f3w w ramach programu resortowego Ministra Rodziny, Pracy i Polityki Spo\u0142ecznej \u00a0\u201eAsystent osobisty osoby z niepe\u0142nosprawno\u015bci\u0105\u201d dla Jednostek Samorz\u0105du Terytorialnego &#8211; edycja 2025<\/strong><\/p>\n\n\n\n<p><strong>Miejski O\u015brodek Pomocy Spo\u0142ecznej informuje, \u017ce Ministerstwo \u00a0Rodziny, Pracy i Polityki Spo\u0142ecznej og\u0142osi\u0142o Program pn. <\/strong>\u201eAsystent osobisty osoby z niepe\u0142nosprawno\u015bci\u0105\u201d dla Jednostek Samorz\u0105du Terytorialnego &#8211; edycja 2025<\/p>\n\n\n\n<h2 class=\"wp-block-heading\">Informujemy, \u017ce miasto Mi\u0144sk Mazowiecki przyst\u0119puje do ww. Programu, kt\u00f3rego g\u0142\u00f3wnym celem jest wprowadzenie us\u0142ug asystencji osobistej jako formy og\u00f3lnodost\u0119pnego wsparcia w wykonywaniu codziennych czynno\u015bci oraz funkcjonowaniu w \u017cyciu spo\u0142ecznym.<\/h2>\n\n\n\n<p><strong>Program skierowany jest do:<\/strong><\/p>\n\n\n\n<ol class=\"wp-block-list\">\n<li>dzieci od uko\u0144czenia 2 roku \u017cycia do uko\u0144czenia 16 roku \u017cycia posiadaj\u0105ce orzeczenie o niepe\u0142nosprawno\u015bci \u0142\u0105cznie ze wskazaniami w pkt 7 i 8 w orzeczeniu o niepe\u0142nosprawno\u015bci \u2013 konieczno\u015bci sta\u0142ej lub d\u0142ugotrwa\u0142ej opieki lub pomocy innej osoby w zwi\u0105zku ze znacznie ograniczon\u0105 mo\u017cliwo\u015bci\u0105 samodzielnej egzystencji oraz konieczno\u015bci sta\u0142ego wsp\u00f3\u0142udzia\u0142u na co dzie\u0144 opiekuna dziecka w procesie jego leczenia, rehabilitacji i edukacji oraz<\/li>\n\n\n\n<li>osoby z niepe\u0142nosprawno\u015bciami posiadaj\u0105ce orzeczenie:<br>a) o znacznym stopniu niepe\u0142nosprawno\u015bci albo<br>b) o umiarkowanym stopniu niepe\u0142nosprawno\u015bci albo<br>c) traktowane na r\u00f3wni z orzeczeniami wymienionymi w lit. a i b, zgodnie z art. 5 i art. 62 ustawy z dnia 27 sierpnia 1997 r. o rehabilitacji zawodowej i spo\u0142ecznej oraz zatrudnianiu os\u00f3b niepe\u0142nosprawnych.<\/li>\n<\/ol>\n\n\n\n<p><strong>Us\u0142ugi asystencji osobistej&nbsp;<\/strong><strong>polegaj\u0105 w szczeg\u00f3lno\u015bci na pomocy w:<\/strong><\/p>\n\n\n\n<ol class=\"wp-block-list\">\n<li>wykonywaniu przez uczestnika czynno\u015bci dnia codziennego;<\/li>\n\n\n\n<li>wyj\u015bciu, powrocie lub dojazdach z uczestnikiem w wybrane przez uczestnika miejsca;<\/li>\n\n\n\n<li>za\u0142atwianiu przez uczestnika spraw urz\u0119dowych;<\/li>\n\n\n\n<li>korzystaniu przez uczestnika z d\u00f3br kultury (np. muzeum, teatr, kino, galeria sztuki, wystawa);<\/li>\n<\/ol>\n\n\n\n<p><strong>Us\u0142ugi asystencji osobistej mog\u0105 \u015bwiadczy\u0107:<\/strong><\/p>\n\n\n\n<ol class=\"wp-block-list\">\n<li>osoby posiadaj\u0105ce dokument potwierdzaj\u0105cy uzyskanie kwalifikacji w nast\u0119puj\u0105cych kierunkach: asystent osoby niepe\u0142nosprawnej, opiekun osoby starszej, opiekun medyczny, pedagog, psycholog, terapeuta zaj\u0119ciowy, piel\u0119gniarka, fizjoterapeuta;<\/li>\n\n\n\n<li>osoby posiadaj\u0105ce co najmniej 6-miesi\u0119czne, udokumentowane do\u015bwiadczenie w\u00a0udzielaniu bezpo\u015bredniej pomocy osobom niepe\u0142nosprawnym np. do\u015bwiadczenie zawodowe, udzielanie wsparcia osobom niepe\u0142nosprawnych w formie wolontariatu;<\/li>\n\n\n\n<li>osoby wskazane przez uczestnika Programu lub jego opiekuna prawnego, kt\u00f3re nie s\u0105 cz\u0142onkami rodziny osoby niepe\u0142nosprawnej (asystentem nie mog\u0105 by\u0107 rodzice i dzieci, rodze\u0144stwo, ma\u0142\u017conek , wnuki, dziadkowie, te\u015bciowie, macocha, ojczym oraz inne osoby pozostaj\u0105ce we wsp\u00f3lnym gospodarstwie domowym z uczestnikiem Programu), pod warunkiem z\u0142o\u017cenia przez osob\u0119 niepe\u0142nosprawn\u0105 pisemnego o\u015bwiadczenia, \u017ce wskazany przez ni\u0105 asystent jest przygotowany do realizacji wobec niej us\u0142ug asystencji osobistej.<\/li>\n<\/ol>\n\n\n\n<p class=\"has-text-align-center\"><strong>Osoby zainteresowane t\u0105 form\u0105 wsparcia prosimy o kontakt telefoniczny b\u0105d\u017a osobisty<\/strong><\/p>\n\n\n\n<p class=\"has-text-align-center\"><strong>z pracownikami socjalnymi Miejskiego O\u015brodka Pomocy Spo\u0142ecznej:<\/strong><\/p>\n\n\n\n<p class=\"has-text-align-center\"><strong><u>pod nr telefonu<\/u><\/strong><\/p>\n\n\n\n<p class=\"has-text-align-center\"><strong>25&nbsp;758 22 24 lub 25&nbsp;758 00 46<\/strong><\/p>\n\n\n\n<p>Tre\u015b\u0107 Og\u0142oszenia o naborze oraz Program \u201eAsystent osobisty osoby z niepe\u0142nosprawno\u015bci\u0105\u201d dla Jednostek Samorz\u0105du Terytorialnego &#8211; edycja 2025\u00a0 wraz z za\u0142\u0105cznikami dost\u0119pna jest na stronie pod adresem:<\/p>\n\n\n\n<p><a href=\"https:\/\/www.gov.pl\/web\/uw-opolski\/asystent-osobisty-osoby-z-niepelnosprawnoscia-dla-jednostek-samorzadu-terytorialnego---edycja-2025\">https:\/\/www.gov.pl\/web\/uw-opolski\/asystent-osobisty-osoby-z-niepelnosprawnoscia-dla-jednostek-samorzadu-terytorialnego&#8212;edycja-2025<\/a><\/p>\n","protected":false},"excerpt":{"rendered":"<p>Opieka wytchnieniowa 2024 Informacja o naborze wniosk\u00f3w w ramach programu resortowego Ministra Rodziny, Pracy i Polityki Spo\u0142ecznej \u00a0\u201eAsystent osobisty osoby z niepe\u0142nosprawno\u015bci\u0105\u201d dla Jednostek Samorz\u0105du Terytorialnego &#8211; edycja 2025 Miejski O\u015brodek Pomocy Spo\u0142ecznej informuje, \u017ce Ministerstwo \u00a0Rodziny, Pracy i Polityki Spo\u0142ecznej og\u0142osi\u0142o Program pn. \u201eAsystent osobisty osoby z niepe\u0142nosprawno\u015bci\u0105\u201d dla Jednostek Samorz\u0105du Terytorialnego &#8211; edycja [&hellip;]<\/p>\n","protected":false},"author":1,"featured_media":153,"comment_status":"open","ping_status":"open","sticky":false,"template":"","format":"standard","meta":{"footnotes":""},"categories":[15],"tags":[],"class_list":["post-152","post","type-post","status-publish","format-standard","has-post-thumbnail","hentry","category-projekty"],"_links":{"self":[{"href":"https:\/\/www.mopsmm.pl\/index.php?rest_route=\/wp\/v2\/posts\/152","targetHints":{"allow":["GET"]}}],"collection":[{"href":"https:\/\/www.mopsmm.pl\/index.php?rest_route=\/wp\/v2\/posts"}],"about":[{"href":"https:\/\/www.mopsmm.pl\/index.php?rest_route=\/wp\/v2\/types\/post"}],"author":[{"embeddable":true,"href":"https:\/\/www.mopsmm.pl\/index.php?rest_route=\/wp\/v2\/users\/1"}],"replies":[{"embeddable":true,"href":"https:\/\/www.mopsmm.pl\/index.php?rest_route=%2Fwp%2Fv2%2Fcomments&post=152"}],"version-history":[{"count":8,"href":"https:\/\/www.mopsmm.pl\/index.php?rest_route=\/wp\/v2\/posts\/152\/revisions"}],"predecessor-version":[{"id":1048,"href":"https:\/\/www.mopsmm.pl\/index.php?rest_route=\/wp\/v2\/posts\/152\/revisions\/1048"}],"wp:featuredmedia":[{"embeddable":true,"href":"https:\/\/www.mopsmm.pl\/index.php?rest_route=\/wp\/v2\/media\/153"}],"wp:attachment":[{"href":"https:\/\/www.mopsmm.pl\/index.php?rest_route=%2Fwp%2Fv2%2Fmedia&parent=152"}],"wp:term":[{"taxonomy":"category","embeddable":true,"href":"https:\/\/www.mopsmm.pl\/index.php?rest_route=%2Fwp%2Fv2%2Fcategories&post=152"},{"taxonomy":"post_tag","embeddable":true,"href":"https:\/\/www.mopsmm.pl\/index.php?rest_route=%2Fwp%2Fv2%2Ftags&post=152"}],"curies":[{"name":"wp","href":"https:\/\/api.w.org\/{rel}","templated":true}]}}