{"id":1947,"date":"2026-03-03T09:13:26","date_gmt":"2026-03-03T08:13:26","guid":{"rendered":"https:\/\/www.mopsmm.pl\/?p=1947"},"modified":"2026-03-03T09:13:26","modified_gmt":"2026-03-03T08:13:26","slug":"konferencja-razem-w-internecie-i-poza-nim","status":"publish","type":"post","link":"https:\/\/www.mopsmm.pl\/?p=1947","title":{"rendered":"Konferencja \u201eRAZEM W INTERNECIE (I POZA NIM)!\u201d"},"content":{"rendered":"\n<p>Zapraszamy na trzeci\u0105 edycj\u0119 konferencji dotycz\u0105cej zdrowia psychicznego realizowan\u0105 w ramach&nbsp;<strong>Miejsko-Powiatowego Aliansu Przeciw Depresji<\/strong>. Tym razem skupimy si\u0119 na tym, w jaki spos\u00f3b dba\u0107 o zdrowie psychiczne i dobrostan dzieci i m\u0142odzie\u017cy w cyfrowym \u015bwiecie \u2013 tak, aby m\u0105drze im towarzyszy\u0107, wspiera\u0107 relacje i wzmacnia\u0107 poczucie wsp\u00f3lnoty.<\/p>\n\n\n\n<p>Konferencja \u201eRAZEM W INTERNECIE (I POZA NIM)!\u201d skierowana jest do nauczycieli, psycholog\u00f3w, pedagog\u00f3w oraz wszystkich os\u00f3b doros\u0142ych, kt\u00f3re chc\u0105 lepiej zrozumie\u0107 cyfrow\u0105 codzienno\u015b\u0107 m\u0142odych ludzi i szukaj\u0105 rzetelnej wiedzy o ich zdrowiu psychicznym.<\/p>\n\n\n\n<p>Wydarzenie odbywa si\u0119 w ramach inicjatywy&nbsp;<strong>Komisji Europejskiej<\/strong>&nbsp;&#8211; Alians Przeciw Depresji, kt\u00f3rego ide\u0119 sprowadzi\u0142 do Polski i do naszego miasta krajowy konsultant metody EAAD-Best.eu i iFightDepression.eu w Polsce dr Piotr Toczyski.<\/p>\n\n\n\n<p>Partnerami tegorocznej konferencji s\u0105&nbsp;<strong>Obserwatorium Praktyk Medialnych przy Uniwersytecie SWPS<\/strong>&nbsp;i&nbsp;<strong>Akademia Pedagogiki Specjalnej<\/strong>.&nbsp;<strong>im<\/strong>.&nbsp;<strong>Marii Grzegorzewskiej<\/strong>, z&nbsp;kt\u00f3rymi miasto rozpoczyna wsp\u00f3\u0142prac\u0119.<\/p>\n\n\n\n<p>W&nbsp; programie przewidzieli\u015bmy wyk\u0142ad na temat wp\u0142ywu Internetu na dobrostan dzieci i m\u0142odzie\u017cy i dyskusj\u0119 plenarn\u0105, w kt\u00f3rej udzia\u0142 wezm\u0105: dr Piotr Toczyski, dr Maksymilian Bielecki i dr Karol Jachymek.&nbsp; Podczas przerwy zaprosimy do poznania dobrych praktyk budowania szkolnej spo\u0142eczno\u015bci przygotowanych przez miejskie plac\u00f3wki.<\/p>\n\n\n\n<p>Spotkanie zako\u0144cz\u0105 praktyczne warsztaty dla nauczycieli o kszta\u0142towaniu zdrowych nawyk\u00f3w w\u015br\u00f3d uczni\u00f3w i uczennic.<\/p>\n\n\n\n<p>Konferencji towarzysz\u0105 warsztaty wspieraj\u0105ce dzieci, m\u0142odzie\u017c i rodziny w r\u00f3\u017cnych aspektach zdrowia psychicznego i higieny cyfrowej.<\/p>\n\n\n\n<p><strong>Program:<\/strong><\/p>\n\n\n\n<p><strong>10.03.2026 r. | <\/strong>Miejska Szko\u0142a Artystyczna<\/p>\n\n\n\n<p><strong>10.00<\/strong>&nbsp;Wyst\u0105pienie Zast\u0119pcy Burmistrza&nbsp;<strong>Katarzyny \u0141aziuk<\/strong><\/p>\n\n\n\n<p><strong>10.10<\/strong>&nbsp;<em>Cyfrowe dorastanie. Co wsp\u00f3\u0142czesna nauka m\u00f3wi o wp\u0142ywie Internetu i smartfon\u00f3w na dobrostan dzieci i m\u0142odzie\u017cy?<\/em>&nbsp;Wyk\u0142ad otwieraj\u0105cy: dr&nbsp;<strong>Maksymilian Bielecki<\/strong><\/p>\n\n\n\n<p><strong>10.40<\/strong>&nbsp;<em>Jak (nie) warto rozmawia\u0107 o m\u0142odych, zdrowiu psychicznym i nowych technologiach?<\/em><\/p>\n\n\n\n<p>Dyskusja plenarna: dr&nbsp;<strong>Maksymilian Bielecki<\/strong>, dr&nbsp;<strong>Piotr Toczyski<\/strong>&nbsp;i dr&nbsp;<strong>Karol Jachymek<\/strong><\/p>\n\n\n\n<p><strong>11.30<\/strong>&nbsp;Przerwa kawowa \u2013 gie\u0142da dobrych praktyk szkolnych<\/p>\n\n\n\n<p><strong>12.00<\/strong>&nbsp;<em>Edukacja medialna w praktyce \u2013 w jaki spos\u00f3b w szko\u0142ach mo\u017cemy kszta\u0142towa\u0107<br>zdrowe nawyki ekranowe uczni\u00f3w i uczennic?<\/em>&nbsp; Warsztaty dla nauczycieli i specjalist\u00f3w: dr<strong>&nbsp;Karol Jachymek<\/strong><\/p>\n\n\n\n<p>Zach\u0119cam r\u00f3wnie\u017c do promowania informacji po wydarzeniach towarzysz\u0105cych konferencji:&nbsp;<\/p>\n\n\n\n<ul class=\"wp-block-list\">\n<li>\u00a0<strong>Jak zadba\u0107 o swoje samopoczucie podczas korzystania z Internetu i \u015bwiadomie u\u017cywa\u0107 smartfon\u00f3w? &#8211;\u00a0<\/strong>warsztaty dla m\u0142odzie\u017cy\u00a0 w Centrum M\u0142odzie\u017cowym \u201eMi\u0119dzyczas\u201d poprowadzi dr Karol Jachymek \u2013 medioznawca, badacz, wyk\u0142adowca.<\/li>\n\n\n\n<li><strong>Poczuj rytm, odzyskaj siebie &#8211;\u00a0<\/strong>warsztaty arteterapii ta\u0144cem dla m\u0142odzie\u017cy poprowadzi Jakub Chocholski \u2013 tancerz, choreograf, za\u0142o\u017cyciel Studia ta\u0144ca La Flaca.\u00a0<\/li>\n\n\n\n<li><strong>Jak Ci\u0119 widz\u0119 &#8211;\u00a0<\/strong>warsztaty plastyczne z elementami arteterapii dla dziecka z rodzicem\u00a0poprowadzi Ewa Zychowicz &#8211; animatorka kultury\u00a0 Pracowni Do g\u00f3ry nogami\u00a0<\/li>\n<\/ul>\n\n\n\n<figure class=\"wp-block-image size-large\"><img fetchpriority=\"high\" decoding=\"async\" width=\"724\" height=\"1024\" src=\"https:\/\/www.mopsmm.pl\/wp-content\/uploads\/2026\/03\/PlakatKonferencjadepresja-724x1024.webp\" alt=\"\" class=\"wp-image-1948\" srcset=\"https:\/\/www.mopsmm.pl\/wp-content\/uploads\/2026\/03\/PlakatKonferencjadepresja-724x1024.webp 724w, https:\/\/www.mopsmm.pl\/wp-content\/uploads\/2026\/03\/PlakatKonferencjadepresja-212x300.webp 212w, https:\/\/www.mopsmm.pl\/wp-content\/uploads\/2026\/03\/PlakatKonferencjadepresja-768x1086.webp 768w, https:\/\/www.mopsmm.pl\/wp-content\/uploads\/2026\/03\/PlakatKonferencjadepresja-1086x1536.webp 1086w, https:\/\/www.mopsmm.pl\/wp-content\/uploads\/2026\/03\/PlakatKonferencjadepresja-1448x2048.webp 1448w, https:\/\/www.mopsmm.pl\/wp-content\/uploads\/2026\/03\/PlakatKonferencjadepresja-scaled.webp 1810w\" sizes=\"(max-width: 724px) 100vw, 724px\" \/><\/figure>\n","protected":false},"excerpt":{"rendered":"<p>Zapraszamy na trzeci\u0105 edycj\u0119 konferencji dotycz\u0105cej zdrowia psychicznego realizowan\u0105 w ramach&nbsp;Miejsko-Powiatowego Aliansu Przeciw Depresji. Tym razem skupimy si\u0119 na tym, w jaki spos\u00f3b dba\u0107 o zdrowie psychiczne i dobrostan dzieci i m\u0142odzie\u017cy w cyfrowym \u015bwiecie \u2013 tak, aby m\u0105drze im towarzyszy\u0107, wspiera\u0107 relacje i wzmacnia\u0107 poczucie wsp\u00f3lnoty. Konferencja \u201eRAZEM W INTERNECIE (I POZA NIM)!\u201d skierowana [&hellip;]<\/p>\n","protected":false},"author":2,"featured_media":1948,"comment_status":"closed","ping_status":"","sticky":false,"template":"","format":"standard","meta":{"footnotes":""},"categories":[10],"tags":[],"class_list":["post-1947","post","type-post","status-publish","format-standard","has-post-thumbnail","hentry","category-aktualnosci"],"_links":{"self":[{"href":"https:\/\/www.mopsmm.pl\/index.php?rest_route=\/wp\/v2\/posts\/1947","targetHints":{"allow":["GET"]}}],"collection":[{"href":"https:\/\/www.mopsmm.pl\/index.php?rest_route=\/wp\/v2\/posts"}],"about":[{"href":"https:\/\/www.mopsmm.pl\/index.php?rest_route=\/wp\/v2\/types\/post"}],"author":[{"embeddable":true,"href":"https:\/\/www.mopsmm.pl\/index.php?rest_route=\/wp\/v2\/users\/2"}],"replies":[{"embeddable":true,"href":"https:\/\/www.mopsmm.pl\/index.php?rest_route=%2Fwp%2Fv2%2Fcomments&post=1947"}],"version-history":[{"count":1,"href":"https:\/\/www.mopsmm.pl\/index.php?rest_route=\/wp\/v2\/posts\/1947\/revisions"}],"predecessor-version":[{"id":1949,"href":"https:\/\/www.mopsmm.pl\/index.php?rest_route=\/wp\/v2\/posts\/1947\/revisions\/1949"}],"wp:featuredmedia":[{"embeddable":true,"href":"https:\/\/www.mopsmm.pl\/index.php?rest_route=\/wp\/v2\/media\/1948"}],"wp:attachment":[{"href":"https:\/\/www.mopsmm.pl\/index.php?rest_route=%2Fwp%2Fv2%2Fmedia&parent=1947"}],"wp:term":[{"taxonomy":"category","embeddable":true,"href":"https:\/\/www.mopsmm.pl\/index.php?rest_route=%2Fwp%2Fv2%2Fcategories&post=1947"},{"taxonomy":"post_tag","embeddable":true,"href":"https:\/\/www.mopsmm.pl\/index.php?rest_route=%2Fwp%2Fv2%2Ftags&post=1947"}],"curies":[{"name":"wp","href":"https:\/\/api.w.org\/{rel}","templated":true}]}}